{"id":30,"date":"2020-10-15T16:39:50","date_gmt":"2020-10-15T19:39:50","guid":{"rendered":"http:\/\/covid19.mdn.unp.edu.ar\/?p=30"},"modified":"2020-10-16T10:03:45","modified_gmt":"2020-10-16T13:03:45","slug":"relevamiento-del-impacto-social","status":"publish","type":"post","link":"https:\/\/covid19.mdn.unp.edu.ar\/?p=30","title":{"rendered":"Relevamiento del Impacto Social"},"content":{"rendered":"\n<h2>Informe del segundo relevamiento del impacto social de las medidas de aislamiento en la provincia del Chubut (a julio 2020)<\/h2>\n\n\n\n<p>En el marco del Proyecto An\u00e1lisis Prospectivo Inteligente del Impacto Social, Econ\u00f3mico y Productivo del COVID-19 en la Provincia de  Chubut, financiado por el Ministerio de Ciencia, Tecnolog\u00eda e  Innovaci\u00f3n de la Naci\u00f3n a instancia del Consejo Federal de Ciencia y  Tecnolog\u00eda (COFECyT), se realiz\u00f3 el segundo relevamiento peri\u00f3dico  del impacto social de las medidas de Aislamiento dispuestas a partir de  la pandemia de COVID19.<br>Con el fin de lograr un panorama general del impacto social de la crisis sanitaria, econ\u00f3mica y social del COVID19 en la provincia del Chubut,<br>prestando especial atenci\u00f3n a los sectores m\u00e1s vulnerables, se busc\u00f3 monitorear:<\/p>\n\n\n\n<ul><li>El grado de acatamiento de las medidas de aislamiento y sus principales obst\u00e1culos.<\/li><li>El grado de informaci\u00f3n en torno a la pandemia de COVID-19 y su prevenci\u00f3n.<\/li><li>El grado de informaci\u00f3n sobre pol\u00edticas paliativas implementadas a partir de la pandemia.<\/li><li>Los principales problemas que han surgido en los contextos espec\u00edficos.<\/li><li>Los temores a futuro.<\/li><\/ul>\n\n\n\n<div class=\"wp-block-file\"><a href=\"http:\/\/covid19.mdn.unp.edu.ar\/wp-content\/uploads\/2020\/10\/RESUMEN-ejecutivo-2do-Relevamiento-Chubut-3.pdf\">Resumen Ejecutivo<\/a><a href=\"http:\/\/covid19.mdn.unp.edu.ar\/wp-content\/uploads\/2020\/10\/RESUMEN-ejecutivo-2do-Relevamiento-Chubut-3.pdf\" class=\"wp-block-file__button\" download>Descarga<\/a><\/div>\n\n\n\n<div class=\"wp-block-file\"><a href=\"http:\/\/covid19.mdn.unp.edu.ar\/wp-content\/uploads\/2020\/10\/presentacion_screen.pdf\">Presentaci\u00f3n visual<\/a><a href=\"http:\/\/covid19.mdn.unp.edu.ar\/wp-content\/uploads\/2020\/10\/presentacion_screen.pdf\" class=\"wp-block-file__button\" download>Descarga<\/a><\/div>\n\n\n\n<div class=\"wp-block-file\"><a href=\"http:\/\/covid19.mdn.unp.edu.ar\/wp-content\/uploads\/2020\/10\/informe_ebook.pdf\">Informe completo<\/a><a href=\"http:\/\/covid19.mdn.unp.edu.ar\/wp-content\/uploads\/2020\/10\/informe_ebook.pdf\" class=\"wp-block-file__button\" download>Descarga<\/a><\/div>\n\n\n\n<p><\/p>\n","protected":false},"excerpt":{"rendered":"<p>Informe del segundo relevamiento del impacto social de las medidas de aislamiento en la provincia del Chubut (a julio 2020) En el marco del Proyecto An\u00e1lisis Prospectivo Inteligente del Impacto Social, Econ\u00f3mico y Productivo del COVID-19 en la Provincia de Chubut, financiado por el Ministerio de Ciencia, Tecnolog\u00eda e Innovaci\u00f3n de la Naci\u00f3n a instancia [&hellip;]<\/p>\n","protected":false},"author":2,"featured_media":73,"comment_status":"closed","ping_status":"","sticky":false,"template":"","format":"standard","meta":[],"categories":[2],"tags":[],"_links":{"self":[{"href":"https:\/\/covid19.mdn.unp.edu.ar\/index.php?rest_route=\/wp\/v2\/posts\/30"}],"collection":[{"href":"https:\/\/covid19.mdn.unp.edu.ar\/index.php?rest_route=\/wp\/v2\/posts"}],"about":[{"href":"https:\/\/covid19.mdn.unp.edu.ar\/index.php?rest_route=\/wp\/v2\/types\/post"}],"author":[{"embeddable":true,"href":"https:\/\/covid19.mdn.unp.edu.ar\/index.php?rest_route=\/wp\/v2\/users\/2"}],"replies":[{"embeddable":true,"href":"https:\/\/covid19.mdn.unp.edu.ar\/index.php?rest_route=%2Fwp%2Fv2%2Fcomments&post=30"}],"version-history":[{"count":2,"href":"https:\/\/covid19.mdn.unp.edu.ar\/index.php?rest_route=\/wp\/v2\/posts\/30\/revisions"}],"predecessor-version":[{"id":74,"href":"https:\/\/covid19.mdn.unp.edu.ar\/index.php?rest_route=\/wp\/v2\/posts\/30\/revisions\/74"}],"wp:featuredmedia":[{"embeddable":true,"href":"https:\/\/covid19.mdn.unp.edu.ar\/index.php?rest_route=\/wp\/v2\/media\/73"}],"wp:attachment":[{"href":"https:\/\/covid19.mdn.unp.edu.ar\/index.php?rest_route=%2Fwp%2Fv2%2Fmedia&parent=30"}],"wp:term":[{"taxonomy":"category","embeddable":true,"href":"https:\/\/covid19.mdn.unp.edu.ar\/index.php?rest_route=%2Fwp%2Fv2%2Fcategories&post=30"},{"taxonomy":"post_tag","embeddable":true,"href":"https:\/\/covid19.mdn.unp.edu.ar\/index.php?rest_route=%2Fwp%2Fv2%2Ftags&post=30"}],"curies":[{"name":"wp","href":"https:\/\/api.w.org\/{rel}","templated":true}]}}